{"id":761,"date":"2025-11-03T07:38:00","date_gmt":"2025-11-03T07:38:00","guid":{"rendered":"https:\/\/com-proff.com\/?p=761"},"modified":"2025-11-10T13:46:17","modified_gmt":"2025-11-10T13:46:17","slug":"descripcion-y-sintesis-funcional","status":"publish","type":"post","link":"https:\/\/com-proff.com\/en\/comunicacion\/descripcion-y-sintesis-funcional\/","title":{"rendered":"Descripci\u00f3n y s\u00edntesis funcional"},"content":{"rendered":"<figure class=\"wp-block-image size-large\"><img loading=\"lazy\" decoding=\"async\" width=\"683\" height=\"1024\" src=\"https:\/\/com-proff.com\/wp-content\/uploads\/2025\/11\/empleado-de-recursos-humanos-seleccionando-candidatos-para-trabajar-para-la-empresa-utilizando-el-marcador-de-resaltador-683x1024.jpg\" alt=\"\" class=\"wp-image-762\" srcset=\"https:\/\/com-proff.com\/wp-content\/uploads\/2025\/11\/empleado-de-recursos-humanos-seleccionando-candidatos-para-trabajar-para-la-empresa-utilizando-el-marcador-de-resaltador-683x1024.jpg 683w, https:\/\/com-proff.com\/wp-content\/uploads\/2025\/11\/empleado-de-recursos-humanos-seleccionando-candidatos-para-trabajar-para-la-empresa-utilizando-el-marcador-de-resaltador-200x300.jpg 200w, https:\/\/com-proff.com\/wp-content\/uploads\/2025\/11\/empleado-de-recursos-humanos-seleccionando-candidatos-para-trabajar-para-la-empresa-utilizando-el-marcador-de-resaltador-768x1152.jpg 768w, https:\/\/com-proff.com\/wp-content\/uploads\/2025\/11\/empleado-de-recursos-humanos-seleccionando-candidatos-para-trabajar-para-la-empresa-utilizando-el-marcador-de-resaltador-1024x1536.jpg 1024w, https:\/\/com-proff.com\/wp-content\/uploads\/2025\/11\/empleado-de-recursos-humanos-seleccionando-candidatos-para-trabajar-para-la-empresa-utilizando-el-marcador-de-resaltador-1365x2048.jpg 1365w, https:\/\/com-proff.com\/wp-content\/uploads\/2025\/11\/empleado-de-recursos-humanos-seleccionando-candidatos-para-trabajar-para-la-empresa-utilizando-el-marcador-de-resaltador-8x12.jpg 8w, https:\/\/com-proff.com\/wp-content\/uploads\/2025\/11\/empleado-de-recursos-humanos-seleccionando-candidatos-para-trabajar-para-la-empresa-utilizando-el-marcador-de-resaltador-scaled.jpg 1707w\" sizes=\"auto, (max-width: 683px) 100vw, 683px\" \/><\/figure>\n\n\n\n<p>En el mejor de todos los mundos posibles, al menos para un proyectista, podr\u00edamos incluso esperar combinar los dos grupos de ventajas descritas que derivan de confeccionar un sistema adaptable a unos objetivos, a un medio externo y a un medio interno. Podr\u00edamos esperar ser capaces de caracterizar las propiedades primordiales del sistema y su comportamiento sin elaborar el detalle de los medios externos ni internos. Podr\u00edamos tender a una ciencia de lo artificial que dependiera de la relativa simplicidad de la interfaz como su fuente principal de abstracci\u00f3n y generalidad.<\/p>\n\n\n\n<p>Consideremos el dise\u00f1o de un aparato f\u00edsico que deba servir como contador. Si queremos que dicho aparato pueda contar hasta mil, por ejemplo, tiene que poder adoptar, como m\u00ednimo, cada uno de los mil estados, mantenerse en un estado dado y pasar de un estado al \u00absiguiente\u00bb. Existen docenas de diferentes medios internos que podr\u00edan utilizarse (y se han utilizado) para un aparato de este tipo. Una rueda con una muesca a cada veinte minutos de arco, provista de una pieza dentada giratoria que se agarrarse a ella, solucionar\u00eda el caso. Lo mismo ocurrir\u00eda con una sucesi\u00f3n de diez conmutadores el\u00e9ctricos, conectados de forma que representas en n\u00fameros binarios. En lugar de conmutadores, en la actualidad es probable se utilizar\u00e1n mejores transistores o cualquier otro artilugio de tipo s\u00f3lido.<\/p>\n\n\n\n<p>El contador estar\u00eda impulsado por un tipo cualquiera de vibraci\u00f3n, mec\u00e1nica o el\u00e9ctrica seg\u00fan el caso, que actuar\u00eda desde el medio externo. Sin embargo, con la construcci\u00f3n de un conector apropiado entre los dos medios, el car\u00e1cter f\u00edsico de la pulsaci\u00f3n interior podr\u00eda hacerse independiente del car\u00e1cter f\u00edsico de la pulsaci\u00f3n exterior: el contador podr\u00eda contar algo.<\/p>\n\n\n\n<p>La descripci\u00f3n de un artificio atendiendo a su organizaci\u00f3n y funcionamiento su contacto entre los medios interno y externo constituye uno de los principales objetivos de la actividad de inventar y dise\u00f1ar. Los ingenieros considerar\u00e1n familiar el l\u00e9xico de la siguiente demanda, transcrita de una patente de 1919 y procedente de un controlador de un motor rectificado:<\/p>\n\n\n\n<p>\u00abLo que reclamo como cosa nueva y quiero proteger con la patente es lo siguiente:<\/p>\n\n\n\n<p>En un control de motor, en combinaci\u00f3n, los medios inversores, los medios normalmente efectivos, reductores del campo, y los medios asociados con los dichos medios inversores para hacer inefectivos los citados medios reductores del campo durante la puesta en marcha del motor y, a partir de aqu\u00ed, efectivos a diferentes gradaciones, determinables por el engarce de los dichos medios inversores&#8230;<\/p>\n\n\n\n<p>Dejando aparte el hecho de que sabemos que el proyecto se relaciona con el control de un motor el\u00e9ctrico, apenas si encontramos aqu\u00ed ninguna referencia a objetos o fen\u00f3menos espec\u00edficos y concretos. Las referencias tienen que ver m\u00e1s bien con los \u00abmedios inversores\u00bb y los \u00abmedios reductores del campo\u00bb, cuya finalidad \u00faltima queda aclarada en un p\u00e1rrafo que precede a la demanda de la patente:<\/p>\n\n\n\n<p>&#8220;Las ventajas del tipo especial de motor ilustrado y el control del mismo ser\u00e1n perfectamente comprendidas por los expertos en la materia. Entre las mencionadas ventajas, puede citarse la aportaci\u00f3n de un impulsor rotatorio de puesta en marcha y la posesi\u00f3n de r\u00e1pidas inversiones de motor.\u00bb<\/p>\n\n\n\n<p><\/p>","protected":false},"excerpt":{"rendered":"<p>En el mejor de todos los mundos posibles, al menos para un proyectista, podr\u00edamos incluso esperar combinar los dos grupos de ventajas descritas que derivan [&hellip;]<\/p>\n","protected":false},"author":2,"featured_media":762,"comment_status":"closed","ping_status":"closed","sticky":false,"template":"","format":"standard","meta":{"footnotes":""},"categories":[14],"tags":[140,141],"class_list":["post-761","post","type-post","status-publish","format-standard","has-post-thumbnail","hentry","category-comunicacion","tag-descripcion","tag-sintesis"],"_links":{"self":[{"href":"https:\/\/com-proff.com\/en\/wp-json\/wp\/v2\/posts\/761","targetHints":{"allow":["GET"]}}],"collection":[{"href":"https:\/\/com-proff.com\/en\/wp-json\/wp\/v2\/posts"}],"about":[{"href":"https:\/\/com-proff.com\/en\/wp-json\/wp\/v2\/types\/post"}],"author":[{"embeddable":true,"href":"https:\/\/com-proff.com\/en\/wp-json\/wp\/v2\/users\/2"}],"replies":[{"embeddable":true,"href":"https:\/\/com-proff.com\/en\/wp-json\/wp\/v2\/comments?post=761"}],"version-history":[{"count":1,"href":"https:\/\/com-proff.com\/en\/wp-json\/wp\/v2\/posts\/761\/revisions"}],"predecessor-version":[{"id":763,"href":"https:\/\/com-proff.com\/en\/wp-json\/wp\/v2\/posts\/761\/revisions\/763"}],"wp:featuredmedia":[{"embeddable":true,"href":"https:\/\/com-proff.com\/en\/wp-json\/wp\/v2\/media\/762"}],"wp:attachment":[{"href":"https:\/\/com-proff.com\/en\/wp-json\/wp\/v2\/media?parent=761"}],"wp:term":[{"taxonomy":"category","embeddable":true,"href":"https:\/\/com-proff.com\/en\/wp-json\/wp\/v2\/categories?post=761"},{"taxonomy":"post_tag","embeddable":true,"href":"https:\/\/com-proff.com\/en\/wp-json\/wp\/v2\/tags?post=761"}],"curies":[{"name":"wp","href":"https:\/\/api.w.org\/{rel}","templated":true}]}}